{"id":2624,"date":"2026-09-02T17:24:26","date_gmt":"2026-09-02T17:24:26","guid":{"rendered":"https:\/\/vanillaproject.org\/?p=2624"},"modified":"2026-09-02T18:25:56","modified_gmt":"2026-09-02T18:25:56","slug":"book-2-0","status":"publish","type":"post","link":"https:\/\/vanillaproject.org\/pt-pt\/book-2-0\/","title":{"rendered":"BOOK 2.0 4.\u00aa Edi\u00e7\u00e3o \u2013 15 e 16 de setembro"},"content":{"rendered":"<p>Nos dias <strong>15 e 16 de setembro<\/strong>, o <a href=\"https:\/\/book.apel.pt\" target=\"_blank\" rel=\"noopener\">BOOK 2.0<\/a> volta a reunir leitores, autores, profissionais do setor editorial, educadores, decisores e todos os que acreditam no poder transformador dos livros e do conhecimento.<\/p>\n<p>Enquanto parceiro estrat\u00e9gico e de produ\u00e7\u00e3o desta iniciativa promovida pela <a href=\"https:\/\/apel.pt\/\" target=\"_blank\" rel=\"noopener\">APEL<\/a>, acompanhamos a constru\u00e7\u00e3o de um evento que vai al\u00e9m da celebra\u00e7\u00e3o da leitura. O BOOK 2.0 \u00e9 um espa\u00e7o de encontro e reflex\u00e3o sobre os grandes desafios da sociedade contempor\u00e2nea, colocando o livro, a literacia e as ideias no centro da conversa.<\/p>\n<p>Esta parceria traduz a nossa forma de estar: acreditamos que os eventos t\u00eam o potencial de criar di\u00e1logo, mobilizar perspetivas e gerar impacto que se prolonga para al\u00e9m do momento em que acontecem. \u00c9 com essa ambi\u00e7\u00e3o que contribu\u00edmos para desenhar uma experi\u00eancia relevante, plural e aberta a diferentes p\u00fablicos.<\/p>\n<p>A edi\u00e7\u00e3o deste ano contar\u00e1 com personalidades de refer\u00eancia no contexto nacional e internacional, entre as quais o Cardeal Jos\u00e9 Tolentino de Mendon\u00e7a, Markus Dohle, antigo CEO da Penguin Random House, Sanna Marin, antiga primeira-ministra da Finl\u00e2ndia, Cara Hunter, entre muitos outros.<\/p>\n<p>Convidamos todos os que procuram novas ideias, conversas inspiradoras e diferentes perspetivas sobre o presente e o futuro a juntarem-se a n\u00f3s na 4.\u00aa edi\u00e7\u00e3o do BOOK 2.0 #The Future of Reading.<\/p>\n<p><strong>As inscri\u00e7\u00f5es j\u00e1 est\u00e3o abertas.<\/strong> Conhe\u00e7a o programa e reserve o seu lugar no site do <a href=\"https:\/\/book.apel.pt\" target=\"_blank\" rel=\"noopener\">BOOK 2.0<\/a>.<\/p>\n","protected":false},"excerpt":{"rendered":"<p>Nos dias 15 e 16 de setembro, o BOOK 2.0 volta a reunir leitores, autores, profissionais do setor editorial, educadores, decisores e todos os que acreditam no poder transformador dos livros e do conhecimento. Enquanto parceiro estrat\u00e9gico e de produ\u00e7\u00e3o desta iniciativa promovida pela APEL, acompanhamos a constru\u00e7\u00e3o de um evento que vai al\u00e9m da [&hellip;]<\/p>\n","protected":false},"author":4,"featured_media":0,"comment_status":"closed","ping_status":"open","sticky":false,"template":"","format":"standard","meta":{"footnotes":""},"categories":[9],"tags":[],"class_list":["post-2624","post","type-post","status-publish","format-standard","hentry","category-sem-categoria"],"yoast_head":"<!-- This site is optimized with the Yoast SEO plugin v28.2 - https:\/\/yoast.com\/product\/yoast-seo-wordpress\/ -->\n<title>BOOK 2.0 4.\u00aa Edi\u00e7\u00e3o \u2013 15 e 16 de setembro - Vanilla Project<\/title>\n<meta name=\"robots\" content=\"index, follow, max-snippet:-1, max-image-preview:large, max-video-preview:-1\" \/>\n<link rel=\"canonical\" href=\"https:\/\/vanillaproject.org\/pt-pt\/book-2-0\/\" \/>\n<meta property=\"og:locale\" content=\"pt_PT\" \/>\n<meta property=\"og:type\" content=\"article\" \/>\n<meta property=\"og:title\" content=\"BOOK 2.0 4.\u00aa Edi\u00e7\u00e3o \u2013 15 e 16 de setembro - Vanilla Project\" \/>\n<meta property=\"og:description\" content=\"Nos dias 15 e 16 de setembro, o BOOK 2.0 volta a reunir leitores, autores, profissionais do setor editorial, educadores, decisores e todos os que acreditam no poder transformador dos livros e do conhecimento. Enquanto parceiro estrat\u00e9gico e de produ\u00e7\u00e3o desta iniciativa promovida pela APEL, acompanhamos a constru\u00e7\u00e3o de um evento que vai al\u00e9m da [&hellip;]\" \/>\n<meta property=\"og:url\" content=\"https:\/\/vanillaproject.org\/pt-pt\/book-2-0\/\" \/>\n<meta property=\"og:site_name\" content=\"Vanilla Project\" \/>\n<meta property=\"article:published_time\" content=\"2026-09-02T17:24:26+00:00\" \/>\n<meta property=\"article:modified_time\" content=\"2026-09-02T18:25:56+00:00\" \/>\n<meta name=\"author\" content=\"Francisco Campos\" \/>\n<meta name=\"twitter:card\" content=\"summary_large_image\" \/>\n<meta name=\"twitter:creator\" content=\"@_vanillaproject\" \/>\n<meta name=\"twitter:site\" content=\"@_vanillaproject\" \/>\n<script type=\"application\/ld+json\" class=\"yoast-schema-graph\">{\"@context\":\"https:\\\/\\\/schema.org\",\"@graph\":[{\"@type\":\"Article\",\"@id\":\"https:\\\/\\\/vanillaproject.org\\\/pt-pt\\\/book-2-0\\\/#article\",\"isPartOf\":{\"@id\":\"https:\\\/\\\/vanillaproject.org\\\/pt-pt\\\/book-2-0\\\/\"},\"author\":{\"name\":\"Francisco Campos\",\"@id\":\"https:\\\/\\\/vanillaproject.org\\\/pt-pt\\\/#\\\/schema\\\/person\\\/65f52c6a2c3744c60b2c61d0a962d6f7\"},\"headline\":\"BOOK 2.0 4.\u00aa Edi\u00e7\u00e3o \u2013 15 e 16 de setembro\",\"datePublished\":\"2026-09-02T17:24:26+00:00\",\"dateModified\":\"2026-09-02T18:25:56+00:00\",\"mainEntityOfPage\":{\"@id\":\"https:\\\/\\\/vanillaproject.org\\\/pt-pt\\\/book-2-0\\\/\"},\"wordCount\":250,\"publisher\":{\"@id\":\"https:\\\/\\\/vanillaproject.org\\\/pt-pt\\\/#organization\"},\"inLanguage\":\"pt-PT\"},{\"@type\":\"WebPage\",\"@id\":\"https:\\\/\\\/vanillaproject.org\\\/pt-pt\\\/book-2-0\\\/\",\"url\":\"https:\\\/\\\/vanillaproject.org\\\/pt-pt\\\/book-2-0\\\/\",\"name\":\"BOOK 2.0 4.\u00aa Edi\u00e7\u00e3o \u2013 15 e 16 de setembro - Vanilla Project\",\"isPartOf\":{\"@id\":\"https:\\\/\\\/vanillaproject.org\\\/pt-pt\\\/#website\"},\"datePublished\":\"2026-09-02T17:24:26+00:00\",\"dateModified\":\"2026-09-02T18:25:56+00:00\",\"breadcrumb\":{\"@id\":\"https:\\\/\\\/vanillaproject.org\\\/pt-pt\\\/book-2-0\\\/#breadcrumb\"},\"inLanguage\":\"pt-PT\",\"potentialAction\":[{\"@type\":\"ReadAction\",\"target\":[\"https:\\\/\\\/vanillaproject.org\\\/pt-pt\\\/book-2-0\\\/\"]}]},{\"@type\":\"BreadcrumbList\",\"@id\":\"https:\\\/\\\/vanillaproject.org\\\/pt-pt\\\/book-2-0\\\/#breadcrumb\",\"itemListElement\":[{\"@type\":\"ListItem\",\"position\":1,\"name\":\"Home\",\"item\":\"https:\\\/\\\/vanillaproject.org\\\/pt-pt\\\/\"},{\"@type\":\"ListItem\",\"position\":2,\"name\":\"BOOK 2.0 4.\u00aa Edi\u00e7\u00e3o \u2013 15 e 16 de setembro\"}]},{\"@type\":\"WebSite\",\"@id\":\"https:\\\/\\\/vanillaproject.org\\\/pt-pt\\\/#website\",\"url\":\"https:\\\/\\\/vanillaproject.org\\\/pt-pt\\\/\",\"name\":\"Vanilla Project\",\"description\":\"An incubator of authentic ideas.\",\"publisher\":{\"@id\":\"https:\\\/\\\/vanillaproject.org\\\/pt-pt\\\/#organization\"},\"potentialAction\":[{\"@type\":\"SearchAction\",\"target\":{\"@type\":\"EntryPoint\",\"urlTemplate\":\"https:\\\/\\\/vanillaproject.org\\\/pt-pt\\\/?s={search_term_string}\"},\"query-input\":{\"@type\":\"PropertyValueSpecification\",\"valueRequired\":true,\"valueName\":\"search_term_string\"}}],\"inLanguage\":\"pt-PT\"},{\"@type\":\"Organization\",\"@id\":\"https:\\\/\\\/vanillaproject.org\\\/pt-pt\\\/#organization\",\"name\":\"Vanilla Project\",\"url\":\"https:\\\/\\\/vanillaproject.org\\\/pt-pt\\\/\",\"logo\":{\"@type\":\"ImageObject\",\"inLanguage\":\"pt-PT\",\"@id\":\"https:\\\/\\\/vanillaproject.org\\\/pt-pt\\\/#\\\/schema\\\/logo\\\/image\\\/\",\"url\":\"https:\\\/\\\/vanillaproject.org\\\/wp-content\\\/uploads\\\/2024\\\/02\\\/Logo-vanilla-project.png\",\"contentUrl\":\"https:\\\/\\\/vanillaproject.org\\\/wp-content\\\/uploads\\\/2024\\\/02\\\/Logo-vanilla-project.png\",\"width\":300,\"height\":60,\"caption\":\"Vanilla Project\"},\"image\":{\"@id\":\"https:\\\/\\\/vanillaproject.org\\\/pt-pt\\\/#\\\/schema\\\/logo\\\/image\\\/\"},\"sameAs\":[\"https:\\\/\\\/x.com\\\/_vanillaproject\",\"https:\\\/\\\/www.linkedin.com\\\/company\\\/vanilla-project\\\/\",\"https:\\\/\\\/www.instagram.com\\\/_vanillaproject\",\"https:\\\/\\\/www.youtube.com\\\/@_VanillaProject\"]},{\"@type\":\"Person\",\"@id\":\"https:\\\/\\\/vanillaproject.org\\\/pt-pt\\\/#\\\/schema\\\/person\\\/65f52c6a2c3744c60b2c61d0a962d6f7\",\"name\":\"Francisco Campos\",\"url\":\"https:\\\/\\\/vanillaproject.org\\\/pt-pt\\\/author\\\/fcampos\\\/\"}]}<\/script>\n<!-- \/ Yoast SEO plugin. -->","yoast_head_json":{"title":"BOOK 2.0 4.\u00aa Edi\u00e7\u00e3o \u2013 15 e 16 de setembro - Vanilla Project","robots":{"index":"index","follow":"follow","max-snippet":"max-snippet:-1","max-image-preview":"max-image-preview:large","max-video-preview":"max-video-preview:-1"},"canonical":"https:\/\/vanillaproject.org\/pt-pt\/book-2-0\/","og_locale":"pt_PT","og_type":"article","og_title":"BOOK 2.0 4.\u00aa Edi\u00e7\u00e3o \u2013 15 e 16 de setembro - Vanilla Project","og_description":"Nos dias 15 e 16 de setembro, o BOOK 2.0 volta a reunir leitores, autores, profissionais do setor editorial, educadores, decisores e todos os que acreditam no poder transformador dos livros e do conhecimento. Enquanto parceiro estrat\u00e9gico e de produ\u00e7\u00e3o desta iniciativa promovida pela APEL, acompanhamos a constru\u00e7\u00e3o de um evento que vai al\u00e9m da [&hellip;]","og_url":"https:\/\/vanillaproject.org\/pt-pt\/book-2-0\/","og_site_name":"Vanilla Project","article_published_time":"2026-09-02T17:24:26+00:00","article_modified_time":"2026-09-02T18:25:56+00:00","author":"Francisco Campos","twitter_card":"summary_large_image","twitter_creator":"@_vanillaproject","twitter_site":"@_vanillaproject","schema":{"@context":"https:\/\/schema.org","@graph":[{"@type":"Article","@id":"https:\/\/vanillaproject.org\/pt-pt\/book-2-0\/#article","isPartOf":{"@id":"https:\/\/vanillaproject.org\/pt-pt\/book-2-0\/"},"author":{"name":"Francisco Campos","@id":"https:\/\/vanillaproject.org\/pt-pt\/#\/schema\/person\/65f52c6a2c3744c60b2c61d0a962d6f7"},"headline":"BOOK 2.0 4.\u00aa Edi\u00e7\u00e3o \u2013 15 e 16 de setembro","datePublished":"2026-09-02T17:24:26+00:00","dateModified":"2026-09-02T18:25:56+00:00","mainEntityOfPage":{"@id":"https:\/\/vanillaproject.org\/pt-pt\/book-2-0\/"},"wordCount":250,"publisher":{"@id":"https:\/\/vanillaproject.org\/pt-pt\/#organization"},"inLanguage":"pt-PT"},{"@type":"WebPage","@id":"https:\/\/vanillaproject.org\/pt-pt\/book-2-0\/","url":"https:\/\/vanillaproject.org\/pt-pt\/book-2-0\/","name":"BOOK 2.0 4.\u00aa Edi\u00e7\u00e3o \u2013 15 e 16 de setembro - Vanilla Project","isPartOf":{"@id":"https:\/\/vanillaproject.org\/pt-pt\/#website"},"datePublished":"2026-09-02T17:24:26+00:00","dateModified":"2026-09-02T18:25:56+00:00","breadcrumb":{"@id":"https:\/\/vanillaproject.org\/pt-pt\/book-2-0\/#breadcrumb"},"inLanguage":"pt-PT","potentialAction":[{"@type":"ReadAction","target":["https:\/\/vanillaproject.org\/pt-pt\/book-2-0\/"]}]},{"@type":"BreadcrumbList","@id":"https:\/\/vanillaproject.org\/pt-pt\/book-2-0\/#breadcrumb","itemListElement":[{"@type":"ListItem","position":1,"name":"Home","item":"https:\/\/vanillaproject.org\/pt-pt\/"},{"@type":"ListItem","position":2,"name":"BOOK 2.0 4.\u00aa Edi\u00e7\u00e3o \u2013 15 e 16 de setembro"}]},{"@type":"WebSite","@id":"https:\/\/vanillaproject.org\/pt-pt\/#website","url":"https:\/\/vanillaproject.org\/pt-pt\/","name":"Vanilla Project","description":"An incubator of authentic ideas.","publisher":{"@id":"https:\/\/vanillaproject.org\/pt-pt\/#organization"},"potentialAction":[{"@type":"SearchAction","target":{"@type":"EntryPoint","urlTemplate":"https:\/\/vanillaproject.org\/pt-pt\/?s={search_term_string}"},"query-input":{"@type":"PropertyValueSpecification","valueRequired":true,"valueName":"search_term_string"}}],"inLanguage":"pt-PT"},{"@type":"Organization","@id":"https:\/\/vanillaproject.org\/pt-pt\/#organization","name":"Vanilla Project","url":"https:\/\/vanillaproject.org\/pt-pt\/","logo":{"@type":"ImageObject","inLanguage":"pt-PT","@id":"https:\/\/vanillaproject.org\/pt-pt\/#\/schema\/logo\/image\/","url":"https:\/\/vanillaproject.org\/wp-content\/uploads\/2024\/02\/Logo-vanilla-project.png","contentUrl":"https:\/\/vanillaproject.org\/wp-content\/uploads\/2024\/02\/Logo-vanilla-project.png","width":300,"height":60,"caption":"Vanilla Project"},"image":{"@id":"https:\/\/vanillaproject.org\/pt-pt\/#\/schema\/logo\/image\/"},"sameAs":["https:\/\/x.com\/_vanillaproject","https:\/\/www.linkedin.com\/company\/vanilla-project\/","https:\/\/www.instagram.com\/_vanillaproject","https:\/\/www.youtube.com\/@_VanillaProject"]},{"@type":"Person","@id":"https:\/\/vanillaproject.org\/pt-pt\/#\/schema\/person\/65f52c6a2c3744c60b2c61d0a962d6f7","name":"Francisco Campos","url":"https:\/\/vanillaproject.org\/pt-pt\/author\/fcampos\/"}]}},"_links":{"self":[{"href":"https:\/\/vanillaproject.org\/pt-pt\/wp-json\/wp\/v2\/posts\/2624","targetHints":{"allow":["GET"]}}],"collection":[{"href":"https:\/\/vanillaproject.org\/pt-pt\/wp-json\/wp\/v2\/posts"}],"about":[{"href":"https:\/\/vanillaproject.org\/pt-pt\/wp-json\/wp\/v2\/types\/post"}],"author":[{"embeddable":true,"href":"https:\/\/vanillaproject.org\/pt-pt\/wp-json\/wp\/v2\/users\/4"}],"replies":[{"embeddable":true,"href":"https:\/\/vanillaproject.org\/pt-pt\/wp-json\/wp\/v2\/comments?post=2624"}],"version-history":[{"count":1,"href":"https:\/\/vanillaproject.org\/pt-pt\/wp-json\/wp\/v2\/posts\/2624\/revisions"}],"predecessor-version":[{"id":2625,"href":"https:\/\/vanillaproject.org\/pt-pt\/wp-json\/wp\/v2\/posts\/2624\/revisions\/2625"}],"wp:attachment":[{"href":"https:\/\/vanillaproject.org\/pt-pt\/wp-json\/wp\/v2\/media?parent=2624"}],"wp:term":[{"taxonomy":"category","embeddable":true,"href":"https:\/\/vanillaproject.org\/pt-pt\/wp-json\/wp\/v2\/categories?post=2624"},{"taxonomy":"post_tag","embeddable":true,"href":"https:\/\/vanillaproject.org\/pt-pt\/wp-json\/wp\/v2\/tags?post=2624"}],"curies":[{"name":"wp","href":"https:\/\/api.w.org\/{rel}","templated":true}]}}