{"id":2629,"date":"2026-09-02T17:24:26","date_gmt":"2026-09-02T17:24:26","guid":{"rendered":"https:\/\/vanillaproject.org\/book-2-0-4-a-edicion-15-y-16-de-septiembre\/"},"modified":"2026-09-02T18:45:08","modified_gmt":"2026-09-02T18:45:08","slug":"book-2-0-4-a-edicion-15-y-16-de-septiembre","status":"publish","type":"post","link":"https:\/\/vanillaproject.org\/es\/book-2-0-4-a-edicion-15-y-16-de-septiembre\/","title":{"rendered":"BOOK 2.0 4.\u00aa Edici\u00f3n \u2013 15 y 16 de septiembre"},"content":{"rendered":"<p>Los d\u00edas <strong>15 y 16 de septiembre<\/strong>, <a href=\"https:\/\/book.apel.pt\/en\/homepage\/\" target=\"_blank\" rel=\"noopener\">BOOK 2.0<\/a> volver\u00e1 a reunir a lectores, autores, profesionales del sector editorial, educadores, responsables de la toma de decisiones y a todos aquellos que creen en el poder transformador de los libros y del conocimiento.<\/p>\n<p>Como socio estrat\u00e9gico y de producci\u00f3n de esta iniciativa promovida por <a href=\"https:\/\/apel.pt\/\">APEL<\/a>, acompa\u00f1amos la construcci\u00f3n de un evento que va m\u00e1s all\u00e1 de la celebraci\u00f3n de la lectura. BOOK 2.0 es un espacio de encuentro y reflexi\u00f3n sobre los grandes desaf\u00edos de la sociedad contempor\u00e1nea, situando el libro y la alfabetizaci\u00f3n en el centro de la conversaci\u00f3n.<\/p>\n<p>Esta colaboraci\u00f3n refleja nuestra forma de entender nuestro trabajo: creemos que los eventos tienen el potencial de generar di\u00e1logo, movilizar conciencias y crear un impacto que perdura m\u00e1s all\u00e1 del momento en que tienen lugar. Con esta ambici\u00f3n, contribuimos a dise\u00f1ar una experiencia relevante, plural y abierta a diferentes p\u00fablicos.<\/p>\n<p>La edici\u00f3n de este a\u00f1o contar\u00e1 con personalidades de referencia tanto a nivel nacional como internacional, entre ellas el Cardenal Jos\u00e9 Tolentino de Mendon\u00e7a, Markus Dohle, antiguo CEO de Penguin Random House, Sanna Marin, antigua primera ministra de Finlandia, Cara Hunter, entre muchos otros.<\/p>\n<p>Invitamos a todos aquellos que buscan nuevas ideas, conversaciones inspiradoras y diferentes perspectivas sobre el presente y el futuro a acompa\u00f1arnos en la 4.\u00aa edici\u00f3n de BOOK 2.0 #The Future of Reading.<\/p>\n<p><strong>Las inscripciones ya est\u00e1n abiertas.<\/strong> Consulta el programa y reserva tu plaza en la web de <a href=\"https:\/\/book.apel.pt\/en\/homepage\/\" target=\"_blank\" rel=\"noopener\">BOOK 2.0<\/a>.<\/p>\n","protected":false},"excerpt":{"rendered":"<p>Los d\u00edas 15 y 16 de septiembre, BOOK 2.0 volver\u00e1 a reunir a lectores, autores, profesionales del sector editorial, educadores, responsables de la toma de decisiones y a todos aquellos que creen en el poder transformador de los libros y del conocimiento. Como socio estrat\u00e9gico y de producci\u00f3n de esta iniciativa promovida por APEL, acompa\u00f1amos [&hellip;]<\/p>\n","protected":false},"author":4,"featured_media":0,"comment_status":"closed","ping_status":"open","sticky":false,"template":"","format":"standard","meta":{"footnotes":""},"categories":[8],"tags":[],"class_list":["post-2629","post","type-post","status-publish","format-standard","hentry","category-sin-categorizar"],"yoast_head":"<!-- This site is optimized with the Yoast SEO plugin v28.2 - https:\/\/yoast.com\/product\/yoast-seo-wordpress\/ -->\n<title>BOOK 2.0 4.\u00aa Edici\u00f3n \u2013 15 y 16 de septiembre - Vanilla Project<\/title>\n<meta name=\"robots\" content=\"index, follow, max-snippet:-1, max-image-preview:large, max-video-preview:-1\" \/>\n<link rel=\"canonical\" href=\"https:\/\/vanillaproject.org\/es\/book-2-0-4-a-edicion-15-y-16-de-septiembre\/\" \/>\n<meta property=\"og:locale\" content=\"es_ES\" \/>\n<meta property=\"og:type\" content=\"article\" \/>\n<meta property=\"og:title\" content=\"BOOK 2.0 4.\u00aa Edici\u00f3n \u2013 15 y 16 de septiembre - Vanilla Project\" \/>\n<meta property=\"og:description\" content=\"Los d\u00edas 15 y 16 de septiembre, BOOK 2.0 volver\u00e1 a reunir a lectores, autores, profesionales del sector editorial, educadores, responsables de la toma de decisiones y a todos aquellos que creen en el poder transformador de los libros y del conocimiento. Como socio estrat\u00e9gico y de producci\u00f3n de esta iniciativa promovida por APEL, acompa\u00f1amos [&hellip;]\" \/>\n<meta property=\"og:url\" content=\"https:\/\/vanillaproject.org\/es\/book-2-0-4-a-edicion-15-y-16-de-septiembre\/\" \/>\n<meta property=\"og:site_name\" content=\"Vanilla Project\" \/>\n<meta property=\"article:published_time\" content=\"2026-09-02T17:24:26+00:00\" \/>\n<meta property=\"article:modified_time\" content=\"2026-09-02T18:45:08+00:00\" \/>\n<meta name=\"author\" content=\"Francisco Campos\" \/>\n<meta name=\"twitter:card\" content=\"summary_large_image\" \/>\n<meta name=\"twitter:creator\" content=\"@_vanillaproject\" \/>\n<meta name=\"twitter:site\" content=\"@_vanillaproject\" \/>\n<script type=\"application\/ld+json\" class=\"yoast-schema-graph\">{\"@context\":\"https:\\\/\\\/schema.org\",\"@graph\":[{\"@type\":\"Article\",\"@id\":\"https:\\\/\\\/vanillaproject.org\\\/es\\\/book-2-0-4-a-edicion-15-y-16-de-septiembre\\\/#article\",\"isPartOf\":{\"@id\":\"https:\\\/\\\/vanillaproject.org\\\/es\\\/book-2-0-4-a-edicion-15-y-16-de-septiembre\\\/\"},\"author\":{\"name\":\"Francisco Campos\",\"@id\":\"https:\\\/\\\/vanillaproject.org\\\/es\\\/#\\\/schema\\\/person\\\/65f52c6a2c3744c60b2c61d0a962d6f7\"},\"headline\":\"BOOK 2.0 4.\u00aa Edici\u00f3n \u2013 15 y 16 de septiembre\",\"datePublished\":\"2026-09-02T17:24:26+00:00\",\"dateModified\":\"2026-09-02T18:45:08+00:00\",\"mainEntityOfPage\":{\"@id\":\"https:\\\/\\\/vanillaproject.org\\\/es\\\/book-2-0-4-a-edicion-15-y-16-de-septiembre\\\/\"},\"wordCount\":266,\"publisher\":{\"@id\":\"https:\\\/\\\/vanillaproject.org\\\/es\\\/#organization\"},\"articleSection\":[\"Sin categorizar\"],\"inLanguage\":\"es\"},{\"@type\":\"WebPage\",\"@id\":\"https:\\\/\\\/vanillaproject.org\\\/es\\\/book-2-0-4-a-edicion-15-y-16-de-septiembre\\\/\",\"url\":\"https:\\\/\\\/vanillaproject.org\\\/es\\\/book-2-0-4-a-edicion-15-y-16-de-septiembre\\\/\",\"name\":\"BOOK 2.0 4.\u00aa Edici\u00f3n \u2013 15 y 16 de septiembre - Vanilla Project\",\"isPartOf\":{\"@id\":\"https:\\\/\\\/vanillaproject.org\\\/es\\\/#website\"},\"datePublished\":\"2026-09-02T17:24:26+00:00\",\"dateModified\":\"2026-09-02T18:45:08+00:00\",\"breadcrumb\":{\"@id\":\"https:\\\/\\\/vanillaproject.org\\\/es\\\/book-2-0-4-a-edicion-15-y-16-de-septiembre\\\/#breadcrumb\"},\"inLanguage\":\"es\",\"potentialAction\":[{\"@type\":\"ReadAction\",\"target\":[\"https:\\\/\\\/vanillaproject.org\\\/es\\\/book-2-0-4-a-edicion-15-y-16-de-septiembre\\\/\"]}]},{\"@type\":\"BreadcrumbList\",\"@id\":\"https:\\\/\\\/vanillaproject.org\\\/es\\\/book-2-0-4-a-edicion-15-y-16-de-septiembre\\\/#breadcrumb\",\"itemListElement\":[{\"@type\":\"ListItem\",\"position\":1,\"name\":\"Home\",\"item\":\"https:\\\/\\\/vanillaproject.org\\\/es\\\/\"},{\"@type\":\"ListItem\",\"position\":2,\"name\":\"BOOK 2.0 4.\u00aa Edici\u00f3n \u2013 15 y 16 de septiembre\"}]},{\"@type\":\"WebSite\",\"@id\":\"https:\\\/\\\/vanillaproject.org\\\/es\\\/#website\",\"url\":\"https:\\\/\\\/vanillaproject.org\\\/es\\\/\",\"name\":\"Vanilla Project\",\"description\":\"An incubator of authentic ideas.\",\"publisher\":{\"@id\":\"https:\\\/\\\/vanillaproject.org\\\/es\\\/#organization\"},\"potentialAction\":[{\"@type\":\"SearchAction\",\"target\":{\"@type\":\"EntryPoint\",\"urlTemplate\":\"https:\\\/\\\/vanillaproject.org\\\/es\\\/?s={search_term_string}\"},\"query-input\":{\"@type\":\"PropertyValueSpecification\",\"valueRequired\":true,\"valueName\":\"search_term_string\"}}],\"inLanguage\":\"es\"},{\"@type\":\"Organization\",\"@id\":\"https:\\\/\\\/vanillaproject.org\\\/es\\\/#organization\",\"name\":\"Vanilla Project\",\"url\":\"https:\\\/\\\/vanillaproject.org\\\/es\\\/\",\"logo\":{\"@type\":\"ImageObject\",\"inLanguage\":\"es\",\"@id\":\"https:\\\/\\\/vanillaproject.org\\\/es\\\/#\\\/schema\\\/logo\\\/image\\\/\",\"url\":\"https:\\\/\\\/vanillaproject.org\\\/wp-content\\\/uploads\\\/2024\\\/02\\\/Logo-vanilla-project.png\",\"contentUrl\":\"https:\\\/\\\/vanillaproject.org\\\/wp-content\\\/uploads\\\/2024\\\/02\\\/Logo-vanilla-project.png\",\"width\":300,\"height\":60,\"caption\":\"Vanilla Project\"},\"image\":{\"@id\":\"https:\\\/\\\/vanillaproject.org\\\/es\\\/#\\\/schema\\\/logo\\\/image\\\/\"},\"sameAs\":[\"https:\\\/\\\/x.com\\\/_vanillaproject\",\"https:\\\/\\\/www.linkedin.com\\\/company\\\/vanilla-project\\\/\",\"https:\\\/\\\/www.instagram.com\\\/_vanillaproject\",\"https:\\\/\\\/www.youtube.com\\\/@_VanillaProject\"]},{\"@type\":\"Person\",\"@id\":\"https:\\\/\\\/vanillaproject.org\\\/es\\\/#\\\/schema\\\/person\\\/65f52c6a2c3744c60b2c61d0a962d6f7\",\"name\":\"Francisco Campos\",\"url\":\"https:\\\/\\\/vanillaproject.org\\\/es\\\/author\\\/fcampos\\\/\"}]}<\/script>\n<!-- \/ Yoast SEO plugin. -->","yoast_head_json":{"title":"BOOK 2.0 4.\u00aa Edici\u00f3n \u2013 15 y 16 de septiembre - Vanilla Project","robots":{"index":"index","follow":"follow","max-snippet":"max-snippet:-1","max-image-preview":"max-image-preview:large","max-video-preview":"max-video-preview:-1"},"canonical":"https:\/\/vanillaproject.org\/es\/book-2-0-4-a-edicion-15-y-16-de-septiembre\/","og_locale":"es_ES","og_type":"article","og_title":"BOOK 2.0 4.\u00aa Edici\u00f3n \u2013 15 y 16 de septiembre - Vanilla Project","og_description":"Los d\u00edas 15 y 16 de septiembre, BOOK 2.0 volver\u00e1 a reunir a lectores, autores, profesionales del sector editorial, educadores, responsables de la toma de decisiones y a todos aquellos que creen en el poder transformador de los libros y del conocimiento. Como socio estrat\u00e9gico y de producci\u00f3n de esta iniciativa promovida por APEL, acompa\u00f1amos [&hellip;]","og_url":"https:\/\/vanillaproject.org\/es\/book-2-0-4-a-edicion-15-y-16-de-septiembre\/","og_site_name":"Vanilla Project","article_published_time":"2026-09-02T17:24:26+00:00","article_modified_time":"2026-09-02T18:45:08+00:00","author":"Francisco Campos","twitter_card":"summary_large_image","twitter_creator":"@_vanillaproject","twitter_site":"@_vanillaproject","schema":{"@context":"https:\/\/schema.org","@graph":[{"@type":"Article","@id":"https:\/\/vanillaproject.org\/es\/book-2-0-4-a-edicion-15-y-16-de-septiembre\/#article","isPartOf":{"@id":"https:\/\/vanillaproject.org\/es\/book-2-0-4-a-edicion-15-y-16-de-septiembre\/"},"author":{"name":"Francisco Campos","@id":"https:\/\/vanillaproject.org\/es\/#\/schema\/person\/65f52c6a2c3744c60b2c61d0a962d6f7"},"headline":"BOOK 2.0 4.\u00aa Edici\u00f3n \u2013 15 y 16 de septiembre","datePublished":"2026-09-02T17:24:26+00:00","dateModified":"2026-09-02T18:45:08+00:00","mainEntityOfPage":{"@id":"https:\/\/vanillaproject.org\/es\/book-2-0-4-a-edicion-15-y-16-de-septiembre\/"},"wordCount":266,"publisher":{"@id":"https:\/\/vanillaproject.org\/es\/#organization"},"articleSection":["Sin categorizar"],"inLanguage":"es"},{"@type":"WebPage","@id":"https:\/\/vanillaproject.org\/es\/book-2-0-4-a-edicion-15-y-16-de-septiembre\/","url":"https:\/\/vanillaproject.org\/es\/book-2-0-4-a-edicion-15-y-16-de-septiembre\/","name":"BOOK 2.0 4.\u00aa Edici\u00f3n \u2013 15 y 16 de septiembre - Vanilla Project","isPartOf":{"@id":"https:\/\/vanillaproject.org\/es\/#website"},"datePublished":"2026-09-02T17:24:26+00:00","dateModified":"2026-09-02T18:45:08+00:00","breadcrumb":{"@id":"https:\/\/vanillaproject.org\/es\/book-2-0-4-a-edicion-15-y-16-de-septiembre\/#breadcrumb"},"inLanguage":"es","potentialAction":[{"@type":"ReadAction","target":["https:\/\/vanillaproject.org\/es\/book-2-0-4-a-edicion-15-y-16-de-septiembre\/"]}]},{"@type":"BreadcrumbList","@id":"https:\/\/vanillaproject.org\/es\/book-2-0-4-a-edicion-15-y-16-de-septiembre\/#breadcrumb","itemListElement":[{"@type":"ListItem","position":1,"name":"Home","item":"https:\/\/vanillaproject.org\/es\/"},{"@type":"ListItem","position":2,"name":"BOOK 2.0 4.\u00aa Edici\u00f3n \u2013 15 y 16 de septiembre"}]},{"@type":"WebSite","@id":"https:\/\/vanillaproject.org\/es\/#website","url":"https:\/\/vanillaproject.org\/es\/","name":"Vanilla Project","description":"An incubator of authentic ideas.","publisher":{"@id":"https:\/\/vanillaproject.org\/es\/#organization"},"potentialAction":[{"@type":"SearchAction","target":{"@type":"EntryPoint","urlTemplate":"https:\/\/vanillaproject.org\/es\/?s={search_term_string}"},"query-input":{"@type":"PropertyValueSpecification","valueRequired":true,"valueName":"search_term_string"}}],"inLanguage":"es"},{"@type":"Organization","@id":"https:\/\/vanillaproject.org\/es\/#organization","name":"Vanilla Project","url":"https:\/\/vanillaproject.org\/es\/","logo":{"@type":"ImageObject","inLanguage":"es","@id":"https:\/\/vanillaproject.org\/es\/#\/schema\/logo\/image\/","url":"https:\/\/vanillaproject.org\/wp-content\/uploads\/2024\/02\/Logo-vanilla-project.png","contentUrl":"https:\/\/vanillaproject.org\/wp-content\/uploads\/2024\/02\/Logo-vanilla-project.png","width":300,"height":60,"caption":"Vanilla Project"},"image":{"@id":"https:\/\/vanillaproject.org\/es\/#\/schema\/logo\/image\/"},"sameAs":["https:\/\/x.com\/_vanillaproject","https:\/\/www.linkedin.com\/company\/vanilla-project\/","https:\/\/www.instagram.com\/_vanillaproject","https:\/\/www.youtube.com\/@_VanillaProject"]},{"@type":"Person","@id":"https:\/\/vanillaproject.org\/es\/#\/schema\/person\/65f52c6a2c3744c60b2c61d0a962d6f7","name":"Francisco Campos","url":"https:\/\/vanillaproject.org\/es\/author\/fcampos\/"}]}},"_links":{"self":[{"href":"https:\/\/vanillaproject.org\/es\/wp-json\/wp\/v2\/posts\/2629","targetHints":{"allow":["GET"]}}],"collection":[{"href":"https:\/\/vanillaproject.org\/es\/wp-json\/wp\/v2\/posts"}],"about":[{"href":"https:\/\/vanillaproject.org\/es\/wp-json\/wp\/v2\/types\/post"}],"author":[{"embeddable":true,"href":"https:\/\/vanillaproject.org\/es\/wp-json\/wp\/v2\/users\/4"}],"replies":[{"embeddable":true,"href":"https:\/\/vanillaproject.org\/es\/wp-json\/wp\/v2\/comments?post=2629"}],"version-history":[{"count":1,"href":"https:\/\/vanillaproject.org\/es\/wp-json\/wp\/v2\/posts\/2629\/revisions"}],"predecessor-version":[{"id":2652,"href":"https:\/\/vanillaproject.org\/es\/wp-json\/wp\/v2\/posts\/2629\/revisions\/2652"}],"wp:attachment":[{"href":"https:\/\/vanillaproject.org\/es\/wp-json\/wp\/v2\/media?parent=2629"}],"wp:term":[{"taxonomy":"category","embeddable":true,"href":"https:\/\/vanillaproject.org\/es\/wp-json\/wp\/v2\/categories?post=2629"},{"taxonomy":"post_tag","embeddable":true,"href":"https:\/\/vanillaproject.org\/es\/wp-json\/wp\/v2\/tags?post=2629"}],"curies":[{"name":"wp","href":"https:\/\/api.w.org\/{rel}","templated":true}]}}